{"id":3050,"date":"2025-02-20T20:45:08","date_gmt":"2025-02-20T18:45:08","guid":{"rendered":"https:\/\/ff-oedlitz.at\/?p=3050"},"modified":"2026-02-20T12:07:48","modified_gmt":"2026-02-20T10:07:48","slug":"brandeinsatz-b3-dachstuhlbrand","status":"publish","type":"post","link":"https:\/\/ff-oedlitz.at\/?p=3050","title":{"rendered":"Brandeinsatz B3 Dachstuhlbrand"},"content":{"rendered":"\n<p>Zu einem B3 Dachstuhlbrand wurde die Freiwillige Feuerwehr \u00d6dlitz am 20.02.2025 um 03:19 nach St. Veit alarmiert. Bereits nach wenigen Minuten konnten sich beide Fahrzeuge unserer Wehr in Richtung Einsatzort begeben. Schon bei der Anfahrt war die Rauchwolke von weitem sichtbar. <\/p>\n\n\n\n<p>Vorort stand ein Nebengeb\u00e4ude eines angrenzenden Wohnhauses bereits in Vollbrand. Die Kameraden unserer Wehr unterst\u00fctzten u.a. mit einem Atemschutztrupp die L\u00f6scharbeiten am Geb\u00e4ude. <\/p>\n\n\n\n<p>Aufgrund des raschen Eingreifens der Wehren des Unterabschnittes 2 konnte der Brand rasch unter Kontrolle gebracht werden und die Freiwillige Feuerwehr \u00d6dlitz bereits um 05:33 wieder ins Ger\u00e4tehaus einr\u00fccken.<\/p>\n\n\n\n<p><em>Die extrem tiefen Temperaturen bis zu -10\u00b0C waren f\u00fcr die Einsatzkr\u00e4fte eine Herausforderung. Jeglicher Wassertropfen am Boden und auf der Kleidung ist innerhalb weniger Minuten gefroren.<\/em><\/p>\n\n\n\n<p>Weitere Berichte:<\/p>\n\n\n\n<p><a href=\"https:\/\/afkdo-pottenstein.at\/?p=4219\">AFKDO Pottenstein Dachstuhlbrand St. Veit<\/a><\/p>\n\n\n\n<p><a href=\"https:\/\/www.ffstveit.at\/b3-wohnhaus-dachstuhlbrand\/\">FF St. Veit B3 Wohnhaus Dachstuhlbrand<\/a><\/p>\n\n\n<style type=\"text\/css\" scoped>.rbs_gallery_69f5dd7b0c995Spinner{\r\n\t\t\t\tmargin: 50px auto;\r\n\t\t\t\twidth: 50px;\r\n\t\t\t\theight: 40px;\r\n\t\t\t\ttext-align: center;\r\n\t\t\t\tfont-size: 10px;\r\n\t\t\t}\r\n\t\t\t.rbs_gallery_69f5dd7b0c995Spinner > div{\r\n\t\t\t  background-color: #333;\r\n\t\t\t  height: 100%;\r\n\t\t\t  width: 6px;\r\n\t\t\t  display: inline-block;\r\n\t\t\t  -webkit-animation: rbs_gallery_69f5dd7b0c995-stretchdelay 1.2s infinite ease-in-out;\r\n\t\t\t  animation: rbs_gallery_69f5dd7b0c995-stretchdelay 1.2s infinite ease-in-out;\r\n\t\t\t}\r\n\t\t\t.rbs_gallery_69f5dd7b0c995Spinner .rbs_gallery_69f5dd7b0c995Rect2 {\r\n\t\t\t  -webkit-animation-delay: -1.1s;\r\n\t\t\t  animation-delay: -1.1s;\r\n\t\t\t}\r\n\t\t\t.rbs_gallery_69f5dd7b0c995Spinner .rbs_gallery_69f5dd7b0c995Rect3 {\r\n\t\t\t  -webkit-animation-delay: -1.0s;\r\n\t\t\t  animation-delay: -1.0s;\r\n\t\t\t}\r\n\t\t\t.rbs_gallery_69f5dd7b0c995Spinner .rbs_gallery_69f5dd7b0c995Rect4 {\r\n\t\t\t  -webkit-animation-delay: -0.9s;\r\n\t\t\t  animation-delay: -0.9s;\r\n\t\t\t}\r\n\t\t\t.rbs_gallery_69f5dd7b0c995Spinner .rbs_gallery_69f5dd7b0c995Rect5 {\r\n\t\t\t  -webkit-animation-delay: -0.8s;\r\n\t\t\t  animation-delay: -0.8s;\r\n\t\t\t}\r\n\t\t\t@-webkit-keyframes rbs_gallery_69f5dd7b0c995-stretchdelay {\r\n\t\t\t  0%, 40%, 100% { -webkit-transform: scaleY(0.4) }  \r\n\t\t\t  20% { -webkit-transform: scaleY(1.0) }\r\n\t\t\t}\r\n\t\t\t@keyframes rbs_gallery_69f5dd7b0c995-stretchdelay {\r\n\t\t\t  0%, 40%, 100% { \r\n\t\t\t    transform: scaleY(0.4);\r\n\t\t\t    -webkit-transform: scaleY(0.4);\r\n\t\t\t  }  20% { \r\n\t\t\t    transform: scaleY(1.0);\r\n\t\t\t    -webkit-transform: scaleY(1.0);\r\n\t\t\t  }\r\n\t\t\t}\r\n\t\t<\/style><div class=\"robo-gallery-wrap robo-gallery-wrap-id3053 robo-gallery-grid\" ><div id=\"rbs_gallery_69f5dd7b0c995-block-loader\" class=\"rbs_gallery_69f5dd7b0c995Spinner\"><div class=\"rbs_gallery_69f5dd7b0c995Rect1\"><\/div> <div class=\"rbs_gallery_69f5dd7b0c995Rect2\"><\/div> <div class=\"rbs_gallery_69f5dd7b0c995Rect3\"><\/div> <div class=\"rbs_gallery_69f5dd7b0c995Rect4\"><\/div> <div class=\"rbs_gallery_69f5dd7b0c995Rect5\"><\/div><\/div><div id=\"robo_gallery_main_block_rbs_gallery_69f5dd7b0c995\" class=\"robogallery-gallery-3053\" style=\"width:100%;  display: none;\"><div id=\"rbs_gallery_69f5dd7b0c995\" data-options=\"rbs_gallery_69f5dd7b0c995\" style=\"width:100%;\" class=\"robo_gallery  \"><div class=\"rbs-img  category3053 \" ><div class=\"rbs-img-image   rbs-lightbox \" ><div class=\"rbs-img-thumbs\"  data-thumbnail=\"https:\/\/ff-oedlitz.at\/wp-content\/uploads\/2025\/02\/20250220_030724194_iOS.jpeg\"  title=\"20250220_1\"  data-width=\"1024\"  data-height=\"768\" ><\/div><div class=\"rbs-img-data-popup\"  data-popup=\"https:\/\/ff-oedlitz.at\/wp-content\/uploads\/2025\/02\/20250220_030724194_iOS.jpeg\"  title=\"20250220_1\" ><\/div><div class=\"thumbnail-overlay\"><div class=\"rbsTitle \">20250220_1<\/div><div class=\"rbsIcons\"><i class=\"fa fa-search-plus rbsZoomIcon \" ><\/i><\/div><\/div><\/div><\/div><div class=\"rbs-img  category3053 \" ><div class=\"rbs-img-image   rbs-lightbox \" ><div class=\"rbs-img-thumbs\"  data-thumbnail=\"https:\/\/ff-oedlitz.at\/wp-content\/uploads\/2025\/02\/20250220_030805152_iOS.jpeg\"  title=\"20250220_2\"  data-width=\"1024\"  data-height=\"768\" ><\/div><div class=\"rbs-img-data-popup\"  data-popup=\"https:\/\/ff-oedlitz.at\/wp-content\/uploads\/2025\/02\/20250220_030805152_iOS.jpeg\"  title=\"20250220_2\" ><\/div><div class=\"thumbnail-overlay\"><div class=\"rbsTitle \">20250220_2<\/div><div class=\"rbsIcons\"><i class=\"fa fa-search-plus rbsZoomIcon \" ><\/i><\/div><\/div><\/div><\/div><div class=\"rbs-img  category3053 \" ><div class=\"rbs-img-image   rbs-lightbox \" ><div class=\"rbs-img-thumbs\"  data-thumbnail=\"https:\/\/ff-oedlitz.at\/wp-content\/uploads\/2025\/02\/20250220_024757674_iOS.jpeg\"  title=\"20250220_3\"  data-width=\"1024\"  data-height=\"768\" ><\/div><div class=\"rbs-img-data-popup\"  data-popup=\"https:\/\/ff-oedlitz.at\/wp-content\/uploads\/2025\/02\/20250220_024757674_iOS.jpeg\"  title=\"20250220_3\" ><\/div><div class=\"thumbnail-overlay\"><div class=\"rbsTitle \">20250220_3<\/div><div class=\"rbsIcons\"><i class=\"fa fa-search-plus rbsZoomIcon \" ><\/i><\/div><\/div><\/div><\/div><div class=\"rbs-img  category3053 \" ><div class=\"rbs-img-image   rbs-lightbox \" ><div class=\"rbs-img-thumbs\"  data-thumbnail=\"https:\/\/ff-oedlitz.at\/wp-content\/uploads\/2025\/02\/20250220_024702861_iOS.jpeg\"  title=\"20250220_4\"  data-width=\"1024\"  data-height=\"768\" ><\/div><div class=\"rbs-img-data-popup\"  data-popup=\"https:\/\/ff-oedlitz.at\/wp-content\/uploads\/2025\/02\/20250220_024702861_iOS.jpeg\"  title=\"20250220_4\" ><\/div><div class=\"thumbnail-overlay\"><div class=\"rbsTitle \">20250220_4<\/div><div class=\"rbsIcons\"><i class=\"fa fa-search-plus rbsZoomIcon \" ><\/i><\/div><\/div><\/div><\/div><div class=\"rbs-img  category3053 \" ><div class=\"rbs-img-image   rbs-lightbox \" ><div class=\"rbs-img-thumbs\"  data-thumbnail=\"https:\/\/ff-oedlitz.at\/wp-content\/uploads\/2025\/02\/20250220_024721718_iOS.jpeg\"  title=\"20250220_5\"  data-width=\"1024\"  data-height=\"768\" ><\/div><div class=\"rbs-img-data-popup\"  data-popup=\"https:\/\/ff-oedlitz.at\/wp-content\/uploads\/2025\/02\/20250220_024721718_iOS.jpeg\"  title=\"20250220_5\" ><\/div><div class=\"thumbnail-overlay\"><div class=\"rbsTitle \">20250220_5<\/div><div class=\"rbsIcons\"><i class=\"fa fa-search-plus rbsZoomIcon \" ><\/i><\/div><\/div><\/div><\/div><div class=\"rbs-img  category3053 \" ><div class=\"rbs-img-image   rbs-lightbox \" ><div class=\"rbs-img-thumbs\"  data-thumbnail=\"https:\/\/ff-oedlitz.at\/wp-content\/uploads\/2025\/02\/20250220_030755899_iOS_00.jpeg\"  title=\"20250220_6\"  data-width=\"1024\"  data-height=\"768\" ><\/div><div class=\"rbs-img-data-popup\"  data-popup=\"https:\/\/ff-oedlitz.at\/wp-content\/uploads\/2025\/02\/20250220_030755899_iOS_00.jpeg\"  title=\"20250220_6\" ><\/div><div class=\"thumbnail-overlay\"><div class=\"rbsTitle \">20250220_6<\/div><div class=\"rbsIcons\"><i class=\"fa fa-search-plus rbsZoomIcon \" ><\/i><\/div><\/div><\/div><\/div><div class=\"rbs-img  category3053 \" ><div class=\"rbs-img-image   rbs-lightbox \" ><div class=\"rbs-img-thumbs\"  data-thumbnail=\"https:\/\/ff-oedlitz.at\/wp-content\/uploads\/2025\/02\/20250220_025558023_iOS.jpeg\"  title=\"20250220_7\"  data-width=\"1024\"  data-height=\"768\" ><\/div><div class=\"rbs-img-data-popup\"  data-popup=\"https:\/\/ff-oedlitz.at\/wp-content\/uploads\/2025\/02\/20250220_025558023_iOS.jpeg\"  title=\"20250220_7\" ><\/div><div class=\"thumbnail-overlay\"><div class=\"rbsTitle \">20250220_7<\/div><div class=\"rbsIcons\"><i class=\"fa fa-search-plus rbsZoomIcon \" ><\/i><\/div><\/div><\/div><\/div><\/div><\/div><\/div><script>var rbs_gallery_69f5dd7b0c995 = {\"version\":\"5.1.2\",\"id\":3053,\"class\":\"id3053\",\"roboGalleryDelay\":1000,\"mainContainer\":\"#robo_gallery_main_block_rbs_gallery_69f5dd7b0c995\",\"loadingContainer\":\"#rbs_gallery_69f5dd7b0c995-block-loader\",\"loadingContainerObj\":\"rbs_gallery_69f5dd7b0c995-block-loader\",\"columnWidth\":\"auto\",\"columns\":3,\"resolutions\":[{\"columnWidth\":\"auto\",\"columns\":3,\"maxWidth\":960},{\"columnWidth\":\"auto\",\"columns\":2,\"maxWidth\":650},{\"columnWidth\":\"auto\",\"columns\":1,\"maxWidth\":450}],\"lightboxOptions\":{\"gallery\":{\"enabled\":true,\"tCounter\":\"%curr% of %total%\"}},\"overlayEffect\":\"direction-aware-fade\",\"boxesToLoadStart\":12,\"boxesToLoad\":8,\"waitUntilThumbLoads\":1,\"LoadingWord\":\"Loading...\",\"loadMoreWord\":\"Load More\",\"noMoreEntriesWord\":\"No More Entries\",\"horizontalSpaceBetweenBoxes\":15,\"verticalSpaceBetweenBoxes\":15,\"lazyLoad\":1,\"wrapContainer\":\"#robo-gallery-wrap-rbs_gallery_69f5dd7b0c995\"};<\/script>","protected":false},"excerpt":{"rendered":"<p>Zu einem B3 Dachstuhlbrand wurde die Freiwillige Feuerwehr \u00d6dlitz am 20.02.2025 um 03:19 nach St. Veit alarmiert. Bereits nach wenigen Minuten konnten sich beide Fahrzeuge unserer Wehr in Richtung Einsatzort begeben. Schon bei der Anfahrt war die Rauchwolke von weitem sichtbar. Vorort stand ein Nebengeb\u00e4ude eines angrenzenden Wohnhauses bereits in Vollbrand. Die Kameraden unserer Wehr unterst\u00fctzten u.a. mit einem Atemschutztrupp [&#8230;]<\/p>\n","protected":false},"author":2,"featured_media":3066,"comment_status":"closed","ping_status":"open","sticky":false,"template":"","format":"standard","meta":{"footnotes":""},"categories":[4,1],"tags":[],"class_list":["post-3050","post","type-post","status-publish","format-standard","has-post-thumbnail","hentry","category-einsatz","category-information"],"_links":{"self":[{"href":"https:\/\/ff-oedlitz.at\/index.php?rest_route=\/wp\/v2\/posts\/3050","targetHints":{"allow":["GET"]}}],"collection":[{"href":"https:\/\/ff-oedlitz.at\/index.php?rest_route=\/wp\/v2\/posts"}],"about":[{"href":"https:\/\/ff-oedlitz.at\/index.php?rest_route=\/wp\/v2\/types\/post"}],"author":[{"embeddable":true,"href":"https:\/\/ff-oedlitz.at\/index.php?rest_route=\/wp\/v2\/users\/2"}],"replies":[{"embeddable":true,"href":"https:\/\/ff-oedlitz.at\/index.php?rest_route=%2Fwp%2Fv2%2Fcomments&post=3050"}],"version-history":[{"count":7,"href":"https:\/\/ff-oedlitz.at\/index.php?rest_route=\/wp\/v2\/posts\/3050\/revisions"}],"predecessor-version":[{"id":3067,"href":"https:\/\/ff-oedlitz.at\/index.php?rest_route=\/wp\/v2\/posts\/3050\/revisions\/3067"}],"wp:featuredmedia":[{"embeddable":true,"href":"https:\/\/ff-oedlitz.at\/index.php?rest_route=\/wp\/v2\/media\/3066"}],"wp:attachment":[{"href":"https:\/\/ff-oedlitz.at\/index.php?rest_route=%2Fwp%2Fv2%2Fmedia&parent=3050"}],"wp:term":[{"taxonomy":"category","embeddable":true,"href":"https:\/\/ff-oedlitz.at\/index.php?rest_route=%2Fwp%2Fv2%2Fcategories&post=3050"},{"taxonomy":"post_tag","embeddable":true,"href":"https:\/\/ff-oedlitz.at\/index.php?rest_route=%2Fwp%2Fv2%2Ftags&post=3050"}],"curies":[{"name":"wp","href":"https:\/\/api.w.org\/{rel}","templated":true}]}}