{"id":3188,"date":"2025-05-22T06:34:53","date_gmt":"2025-05-22T04:34:53","guid":{"rendered":"https:\/\/ff-oedlitz.at\/?p=3188"},"modified":"2025-05-22T06:40:44","modified_gmt":"2025-05-22T04:40:44","slug":"florianifeier-2025","status":"publish","type":"post","link":"https:\/\/ff-oedlitz.at\/?p=3188","title":{"rendered":"Florianifeier 2025"},"content":{"rendered":"\n<p>Traditionell feierten die Freiwilligen Feuerwehren St. Veit und \u00d6dlitz gemeinsam den Tag unseres Schutzpatrons. Dieses Jahr fand der Festakt am 17. Mai in St. Veit statt.&nbsp;<\/p>\n\n\n\n<p>Nach einer kurzen Begr\u00fc\u00dfung der Fest- und Ehreng\u00e4ste durch den Kommandanten der Feuerwehr St. Veit HBI Georg Rumpler, erfolgte die Festmesse von unserem Feuerwehrkuraten Pfarrer Dr. Tomo Cubela.&nbsp;<\/p>\n\n\n\n<p>Im Anschluss an die Messfeier folgten die Ansprachen der Festg\u00e4ste. B\u00fcrgermeister J\u00fcrgen Schr\u00f6nkhammer \u00fcberreichte f\u00fcr besondere Verdienste um die Stadtgemeinde die goldene Ehrennadel der Stadtgemeinde Berndorf an Feuerwehrmitglieder beider Wehren. Seitens FF \u00d6dlitz kam diese Ehre OLM Thomas Geier zu teil.&nbsp;&nbsp;<\/p>\n\n\n\n<p>Im Zuge der Ansprache von unserem Abschnittsfeuerwehrkommandanten BR Rudolf Hafellner, wurde beiden Feuerwehren eine Dankesurkunde von der Landeshauptfrau Johanna Mikl-Leitner f\u00fcr den Einsatz w\u00e4hrend der Hochwasserkatastrophe im September 2024 \u00fcberreicht. Des weiteren ehrte er die Jugendfeuerwehr St.Veit f\u00fcr ihr 25-j\u00e4hriges Bestehen und \u00fcberreichte das Verdienstzeichen 2. Klasse an HBI Norbert Taxberger.&nbsp;<\/p>\n\n\n\n<p>Anschlie\u00dfend folgten die Angelobungen, Bef\u00f6rderungen und Ernennungen beider Wehren. Von unserer Wehr legte PFM Florian Stehlik das Treuegel\u00f6bnis ab. PFM Salomon Rauch und PF Florian Stehlik wurden zum Feuerwehrmann bef\u00f6rdert.&nbsp;<\/p>\n\n\n\n<p>Zum Abschluss bedankte sich HBI Georg Rumpler bei Pfarrer Dr. Tomo Cubela f\u00fcr die Messfeier, bei allen anwesenden G\u00e4sten f\u00fcr das Mitwirken und beim Musikverein St. Veit f\u00fcr die musikalische Umrahmung der Feier. Der Festakt endete mit der Landeshymne und es folgte ein gem\u00fctlicher Ausklang bei Speis und Trank im Feuerwehrhaus.&nbsp;<\/p>\n\n\n\n<p>Bericht: HBI Norbert Taxberger, Fotos: VM Michael Zehetner (FF St. Veit)<\/p>\n\n\n<style type=\"text\/css\" scoped>.rbs_gallery_69f5c82cecb1bSpinner{\r\n\t\t\t\tmargin: 50px auto;\r\n\t\t\t\twidth: 50px;\r\n\t\t\t\theight: 40px;\r\n\t\t\t\ttext-align: center;\r\n\t\t\t\tfont-size: 10px;\r\n\t\t\t}\r\n\t\t\t.rbs_gallery_69f5c82cecb1bSpinner > div{\r\n\t\t\t  background-color: #333;\r\n\t\t\t  height: 100%;\r\n\t\t\t  width: 6px;\r\n\t\t\t  display: inline-block;\r\n\t\t\t  -webkit-animation: rbs_gallery_69f5c82cecb1b-stretchdelay 1.2s infinite ease-in-out;\r\n\t\t\t  animation: rbs_gallery_69f5c82cecb1b-stretchdelay 1.2s infinite ease-in-out;\r\n\t\t\t}\r\n\t\t\t.rbs_gallery_69f5c82cecb1bSpinner .rbs_gallery_69f5c82cecb1bRect2 {\r\n\t\t\t  -webkit-animation-delay: -1.1s;\r\n\t\t\t  animation-delay: -1.1s;\r\n\t\t\t}\r\n\t\t\t.rbs_gallery_69f5c82cecb1bSpinner .rbs_gallery_69f5c82cecb1bRect3 {\r\n\t\t\t  -webkit-animation-delay: -1.0s;\r\n\t\t\t  animation-delay: -1.0s;\r\n\t\t\t}\r\n\t\t\t.rbs_gallery_69f5c82cecb1bSpinner .rbs_gallery_69f5c82cecb1bRect4 {\r\n\t\t\t  -webkit-animation-delay: -0.9s;\r\n\t\t\t  animation-delay: -0.9s;\r\n\t\t\t}\r\n\t\t\t.rbs_gallery_69f5c82cecb1bSpinner .rbs_gallery_69f5c82cecb1bRect5 {\r\n\t\t\t  -webkit-animation-delay: -0.8s;\r\n\t\t\t  animation-delay: -0.8s;\r\n\t\t\t}\r\n\t\t\t@-webkit-keyframes rbs_gallery_69f5c82cecb1b-stretchdelay {\r\n\t\t\t  0%, 40%, 100% { -webkit-transform: scaleY(0.4) }  \r\n\t\t\t  20% { -webkit-transform: scaleY(1.0) }\r\n\t\t\t}\r\n\t\t\t@keyframes rbs_gallery_69f5c82cecb1b-stretchdelay {\r\n\t\t\t  0%, 40%, 100% { \r\n\t\t\t    transform: scaleY(0.4);\r\n\t\t\t    -webkit-transform: scaleY(0.4);\r\n\t\t\t  }  20% { \r\n\t\t\t    transform: scaleY(1.0);\r\n\t\t\t    -webkit-transform: scaleY(1.0);\r\n\t\t\t  }\r\n\t\t\t}\r\n\t\t<\/style><div class=\"robo-gallery-wrap robo-gallery-wrap-id3190 robo-gallery-grid\" ><div id=\"rbs_gallery_69f5c82cecb1b-block-loader\" class=\"rbs_gallery_69f5c82cecb1bSpinner\"><div class=\"rbs_gallery_69f5c82cecb1bRect1\"><\/div> <div class=\"rbs_gallery_69f5c82cecb1bRect2\"><\/div> <div class=\"rbs_gallery_69f5c82cecb1bRect3\"><\/div> <div class=\"rbs_gallery_69f5c82cecb1bRect4\"><\/div> <div class=\"rbs_gallery_69f5c82cecb1bRect5\"><\/div><\/div><div id=\"robo_gallery_main_block_rbs_gallery_69f5c82cecb1b\" class=\"robogallery-gallery-3190\" style=\"width:100%;  display: none;\"><div id=\"rbs_gallery_69f5c82cecb1b\" data-options=\"rbs_gallery_69f5c82cecb1b\" style=\"width:100%;\" class=\"robo_gallery  \"><div class=\"rbs-img  category3190 \" ><div class=\"rbs-img-image   rbs-lightbox \" ><div class=\"rbs-img-thumbs\"  data-thumbnail=\"https:\/\/ff-oedlitz.at\/wp-content\/uploads\/2025\/05\/DSC_0246_red.jpg\"  title=\"DSC_0246_red\"  data-width=\"1024\"  data-height=\"683\" ><\/div><div class=\"rbs-img-data-popup\"  data-popup=\"https:\/\/ff-oedlitz.at\/wp-content\/uploads\/2025\/05\/DSC_0246_red.jpg\"  title=\"DSC_0246_red\" ><\/div><div class=\"thumbnail-overlay\"><div class=\"rbsTitle \">DSC_0246_red<\/div><div class=\"rbsIcons\"><i class=\"fa fa-search-plus rbsZoomIcon \" ><\/i><\/div><\/div><\/div><\/div><div class=\"rbs-img  category3190 \" ><div class=\"rbs-img-image   rbs-lightbox \" ><div class=\"rbs-img-thumbs\"  data-thumbnail=\"https:\/\/ff-oedlitz.at\/wp-content\/uploads\/2025\/05\/DSC_0323_red.jpg\"  title=\"DSC_0323_red\"  data-width=\"1024\"  data-height=\"683\" ><\/div><div class=\"rbs-img-data-popup\"  data-popup=\"https:\/\/ff-oedlitz.at\/wp-content\/uploads\/2025\/05\/DSC_0323_red.jpg\"  title=\"DSC_0323_red\" ><\/div><div class=\"thumbnail-overlay\"><div class=\"rbsTitle \">DSC_0323_red<\/div><div class=\"rbsIcons\"><i class=\"fa fa-search-plus rbsZoomIcon \" ><\/i><\/div><\/div><\/div><\/div><div class=\"rbs-img  category3190 \" ><div class=\"rbs-img-image   rbs-lightbox \" ><div class=\"rbs-img-thumbs\"  data-thumbnail=\"https:\/\/ff-oedlitz.at\/wp-content\/uploads\/2025\/05\/DSC_0297_red.jpg\"  title=\"DSC_0297_red\"  data-width=\"1024\"  data-height=\"683\" ><\/div><div class=\"rbs-img-data-popup\"  data-popup=\"https:\/\/ff-oedlitz.at\/wp-content\/uploads\/2025\/05\/DSC_0297_red.jpg\"  title=\"DSC_0297_red\" ><\/div><div class=\"thumbnail-overlay\"><div class=\"rbsTitle \">DSC_0297_red<\/div><div class=\"rbsIcons\"><i class=\"fa fa-search-plus rbsZoomIcon \" ><\/i><\/div><\/div><\/div><\/div><div class=\"rbs-img  category3190 \" ><div class=\"rbs-img-image   rbs-lightbox \" ><div class=\"rbs-img-thumbs\"  data-thumbnail=\"https:\/\/ff-oedlitz.at\/wp-content\/uploads\/2025\/05\/DSC_0352_red.jpg\"  title=\"DSC_0352_red\"  data-width=\"1024\"  data-height=\"683\" ><\/div><div class=\"rbs-img-data-popup\"  data-popup=\"https:\/\/ff-oedlitz.at\/wp-content\/uploads\/2025\/05\/DSC_0352_red.jpg\"  title=\"DSC_0352_red\" ><\/div><div class=\"thumbnail-overlay\"><div class=\"rbsTitle \">DSC_0352_red<\/div><div class=\"rbsIcons\"><i class=\"fa fa-search-plus rbsZoomIcon \" ><\/i><\/div><\/div><\/div><\/div><div class=\"rbs-img  category3190 \" ><div class=\"rbs-img-image   rbs-lightbox \" ><div class=\"rbs-img-thumbs\"  data-thumbnail=\"https:\/\/ff-oedlitz.at\/wp-content\/uploads\/2025\/05\/DSC_0271_red.jpg\"  title=\"DSC_0271_red\"  data-width=\"1024\"  data-height=\"683\" ><\/div><div class=\"rbs-img-data-popup\"  data-popup=\"https:\/\/ff-oedlitz.at\/wp-content\/uploads\/2025\/05\/DSC_0271_red.jpg\"  title=\"DSC_0271_red\" ><\/div><div class=\"thumbnail-overlay\"><div class=\"rbsTitle \">DSC_0271_red<\/div><div class=\"rbsIcons\"><i class=\"fa fa-search-plus rbsZoomIcon \" ><\/i><\/div><\/div><\/div><\/div><div class=\"rbs-img  category3190 \" ><div class=\"rbs-img-image   rbs-lightbox \" ><div class=\"rbs-img-thumbs\"  data-thumbnail=\"https:\/\/ff-oedlitz.at\/wp-content\/uploads\/2025\/05\/Titelbild.jpg\"  title=\"Titelbild\"  data-width=\"1024\"  data-height=\"768\" ><\/div><div class=\"rbs-img-data-popup\"  data-popup=\"https:\/\/ff-oedlitz.at\/wp-content\/uploads\/2025\/05\/Titelbild.jpg\"  title=\"Titelbild\" ><\/div><div class=\"thumbnail-overlay\"><div class=\"rbsTitle \">Titelbild<\/div><div class=\"rbsIcons\"><i class=\"fa fa-search-plus rbsZoomIcon \" ><\/i><\/div><\/div><\/div><\/div><\/div><\/div><\/div><script>var rbs_gallery_69f5c82cecb1b = {\"version\":\"5.1.2\",\"id\":3190,\"class\":\"id3190\",\"roboGalleryDelay\":1000,\"mainContainer\":\"#robo_gallery_main_block_rbs_gallery_69f5c82cecb1b\",\"loadingContainer\":\"#rbs_gallery_69f5c82cecb1b-block-loader\",\"loadingContainerObj\":\"rbs_gallery_69f5c82cecb1b-block-loader\",\"columnWidth\":\"auto\",\"columns\":3,\"resolutions\":[{\"columnWidth\":\"auto\",\"columns\":3,\"maxWidth\":960},{\"columnWidth\":\"auto\",\"columns\":2,\"maxWidth\":650},{\"columnWidth\":\"auto\",\"columns\":1,\"maxWidth\":450}],\"lightboxOptions\":{\"gallery\":{\"enabled\":true,\"tCounter\":\"%curr% of %total%\"}},\"overlayEffect\":\"direction-aware-fade\",\"boxesToLoadStart\":12,\"boxesToLoad\":8,\"waitUntilThumbLoads\":1,\"LoadingWord\":\"Loading...\",\"loadMoreWord\":\"Load More\",\"noMoreEntriesWord\":\"No More Entries\",\"horizontalSpaceBetweenBoxes\":15,\"verticalSpaceBetweenBoxes\":15,\"lazyLoad\":1,\"wrapContainer\":\"#robo-gallery-wrap-rbs_gallery_69f5c82cecb1b\"};<\/script>","protected":false},"excerpt":{"rendered":"<p>Traditionell feierten die Freiwilligen Feuerwehren St. Veit und \u00d6dlitz gemeinsam den Tag unseres Schutzpatrons. Dieses Jahr fand der Festakt am 17. Mai in St. Veit statt.&nbsp; Nach einer kurzen Begr\u00fc\u00dfung der Fest- und Ehreng\u00e4ste durch den Kommandanten der Feuerwehr St. Veit HBI Georg Rumpler, erfolgte die Festmesse von unserem Feuerwehrkuraten Pfarrer Dr. Tomo Cubela.&nbsp; Im Anschluss an die Messfeier folgten [&#8230;]<\/p>\n","protected":false},"author":2,"featured_media":3198,"comment_status":"closed","ping_status":"open","sticky":false,"template":"","format":"standard","meta":{"footnotes":""},"categories":[1,3],"tags":[7],"class_list":["post-3188","post","type-post","status-publish","format-standard","has-post-thumbnail","hentry","category-information","category-veranstaltung","tag-ontop"],"_links":{"self":[{"href":"https:\/\/ff-oedlitz.at\/index.php?rest_route=\/wp\/v2\/posts\/3188","targetHints":{"allow":["GET"]}}],"collection":[{"href":"https:\/\/ff-oedlitz.at\/index.php?rest_route=\/wp\/v2\/posts"}],"about":[{"href":"https:\/\/ff-oedlitz.at\/index.php?rest_route=\/wp\/v2\/types\/post"}],"author":[{"embeddable":true,"href":"https:\/\/ff-oedlitz.at\/index.php?rest_route=\/wp\/v2\/users\/2"}],"replies":[{"embeddable":true,"href":"https:\/\/ff-oedlitz.at\/index.php?rest_route=%2Fwp%2Fv2%2Fcomments&post=3188"}],"version-history":[{"count":4,"href":"https:\/\/ff-oedlitz.at\/index.php?rest_route=\/wp\/v2\/posts\/3188\/revisions"}],"predecessor-version":[{"id":3200,"href":"https:\/\/ff-oedlitz.at\/index.php?rest_route=\/wp\/v2\/posts\/3188\/revisions\/3200"}],"wp:featuredmedia":[{"embeddable":true,"href":"https:\/\/ff-oedlitz.at\/index.php?rest_route=\/wp\/v2\/media\/3198"}],"wp:attachment":[{"href":"https:\/\/ff-oedlitz.at\/index.php?rest_route=%2Fwp%2Fv2%2Fmedia&parent=3188"}],"wp:term":[{"taxonomy":"category","embeddable":true,"href":"https:\/\/ff-oedlitz.at\/index.php?rest_route=%2Fwp%2Fv2%2Fcategories&post=3188"},{"taxonomy":"post_tag","embeddable":true,"href":"https:\/\/ff-oedlitz.at\/index.php?rest_route=%2Fwp%2Fv2%2Ftags&post=3188"}],"curies":[{"name":"wp","href":"https:\/\/api.w.org\/{rel}","templated":true}]}}