{"id":3202,"date":"2025-08-22T12:27:02","date_gmt":"2025-08-22T10:27:02","guid":{"rendered":"https:\/\/ff-oedlitz.at\/?p=3202"},"modified":"2025-08-22T12:27:02","modified_gmt":"2025-08-22T10:27:02","slug":"dorffest-2025","status":"publish","type":"post","link":"https:\/\/ff-oedlitz.at\/?p=3202","title":{"rendered":"Dorffest 2025"},"content":{"rendered":"\n<p>Am 27. und 28. September findet in \u00d6dlitz unser Dorffest in unserem beheizten Festzelt statt.<\/p>\n\n\n\n<p><strong>Programm:<\/strong><\/p>\n\n\n\n<p><strong>Samstag, 27. September: <\/strong><\/p>\n\n\n\n<p>Ab 09:30 Uhr treffen die Traktoren und Unimogs ein, ab 10 Uhr beginnt die Rundfahrt, um ca. 13 Uhr sind sie wieder zur\u00fcck. <\/p>\n\n\n\n<p>Ab 11 Uhr d\u00fcrfen wir Sie mit unseren Wildspezialit\u00e4ten verk\u00f6stigen.<\/p>\n\n\n\n<p>Ab 19:30 Uhr umrahmt die Gruppe &#8222;Die Aufzeiger&#8220; die Veranstaltung mit stimmungsvoller Musik f\u00fcr alle.<\/p>\n\n\n\n<p><strong>Sonntag, 28. September:<\/strong><\/p>\n\n\n\n<p>Ab 10 Uhr startet der Fr\u00fchschoppen. F\u00fcr die musikalische Unterhaltung sorgt die Gruppe Landst\u00fcrmer. Kulinarisch d\u00fcrfen wir Sie nat\u00fcrlich wieder mit unseren Wildspezialit\u00e4ten verw\u00f6hnen.<\/p>\n\n\n\n<figure class=\"wp-block-image size-full\"><img loading=\"lazy\" decoding=\"async\" width=\"2480\" height=\"3507\" src=\"https:\/\/ff-oedlitz.at\/wp-content\/uploads\/2025\/08\/Dorffest_Plakat_A4_2025.jpg\" alt=\"\" class=\"wp-image-3203\"\/><\/figure>\n","protected":false},"excerpt":{"rendered":"<p>Am 27. und 28. September findet in \u00d6dlitz unser Dorffest in unserem beheizten Festzelt statt. Programm: Samstag, 27. September: Ab 09:30 Uhr treffen die Traktoren und Unimogs ein, ab 10 Uhr beginnt die Rundfahrt, um ca. 13 Uhr sind sie wieder zur\u00fcck. Ab 11 Uhr d\u00fcrfen wir Sie mit unseren Wildspezialit\u00e4ten verk\u00f6stigen. Ab 19:30 Uhr umrahmt die Gruppe &#8222;Die Aufzeiger&#8220; [&#8230;]<\/p>\n","protected":false},"author":2,"featured_media":3204,"comment_status":"closed","ping_status":"open","sticky":false,"template":"","format":"standard","meta":{"footnotes":""},"categories":[1,3],"tags":[7],"class_list":["post-3202","post","type-post","status-publish","format-standard","has-post-thumbnail","hentry","category-information","category-veranstaltung","tag-ontop"],"_links":{"self":[{"href":"https:\/\/ff-oedlitz.at\/index.php?rest_route=\/wp\/v2\/posts\/3202","targetHints":{"allow":["GET"]}}],"collection":[{"href":"https:\/\/ff-oedlitz.at\/index.php?rest_route=\/wp\/v2\/posts"}],"about":[{"href":"https:\/\/ff-oedlitz.at\/index.php?rest_route=\/wp\/v2\/types\/post"}],"author":[{"embeddable":true,"href":"https:\/\/ff-oedlitz.at\/index.php?rest_route=\/wp\/v2\/users\/2"}],"replies":[{"embeddable":true,"href":"https:\/\/ff-oedlitz.at\/index.php?rest_route=%2Fwp%2Fv2%2Fcomments&post=3202"}],"version-history":[{"count":1,"href":"https:\/\/ff-oedlitz.at\/index.php?rest_route=\/wp\/v2\/posts\/3202\/revisions"}],"predecessor-version":[{"id":3205,"href":"https:\/\/ff-oedlitz.at\/index.php?rest_route=\/wp\/v2\/posts\/3202\/revisions\/3205"}],"wp:featuredmedia":[{"embeddable":true,"href":"https:\/\/ff-oedlitz.at\/index.php?rest_route=\/wp\/v2\/media\/3204"}],"wp:attachment":[{"href":"https:\/\/ff-oedlitz.at\/index.php?rest_route=%2Fwp%2Fv2%2Fmedia&parent=3202"}],"wp:term":[{"taxonomy":"category","embeddable":true,"href":"https:\/\/ff-oedlitz.at\/index.php?rest_route=%2Fwp%2Fv2%2Fcategories&post=3202"},{"taxonomy":"post_tag","embeddable":true,"href":"https:\/\/ff-oedlitz.at\/index.php?rest_route=%2Fwp%2Fv2%2Ftags&post=3202"}],"curies":[{"name":"wp","href":"https:\/\/api.w.org\/{rel}","templated":true}]}}